{"id":4078,"date":"2025-03-13T11:03:12","date_gmt":"2025-03-13T11:03:12","guid":{"rendered":"https:\/\/reflexologue81.fr\/?p=4078"},"modified":"2025-03-13T12:11:08","modified_gmt":"2025-03-13T12:11:08","slug":"4078","status":"publish","type":"post","link":"https:\/\/reflexologue81.fr\/?p=4078","title":{"rendered":"Pourquoi est il important de travailler la zone r\u00e9flexe du psoas en r\u00e9flexologie"},"content":{"rendered":"<p><img loading=\"lazy\" decoding=\"async\" class=\"alignnone size-medium wp-image-4087 aligncenter\" src=\"http:\/\/reflexologue81.fr\/wp-content\/uploads\/2025\/03\/psoas2-zone-300x218.jpg\" alt=\"\" width=\"300\" height=\"218\" srcset=\"https:\/\/reflexologue81.fr\/wp-content\/uploads\/2025\/03\/psoas2-zone-300x218.jpg 300w, https:\/\/reflexologue81.fr\/wp-content\/uploads\/2025\/03\/psoas2-zone.jpg 800w\" sizes=\"auto, (max-width: 300px) 100vw, 300px\" \/><\/p>\n<p style=\"text-align: center;\">Zone rouge zone r\u00e9flexe du psoas<\/p>\n<p>Je vous explique un muscle que je travail beaucoup en zone r\u00e9flexe en r\u00e9flexologie \u00ab\u00a0Le PSOAS\u00a0\u00bb pourquoi ?<\/p>\n<p><strong><span>le psoas est nomm\u00e9 le \u00ab muscle poubelle \u00bb<\/span><\/strong> parce qu\u2019il a tendance \u00e0 r\u00e9cup\u00e9rer les toxines issues des syst\u00e8mes digestif et urinaire, le psoas est pourtant bien plus que \u00e7a.<\/p>\n<p>\u00c9troitement li\u00e9 aux syst\u00e8mes nerveux, squelettique et musculaire, mais aussi aux syst\u00e8mes cardiaque et respiratoire, il joue un r\u00f4le particulier de lien entre le haut et le bas du corps agissant non seulement sur l\u2019\u00e9quilibre physique mais aussi sur l\u2019\u00e9quilibre psycho-\u00e9motionnel.<\/p>\n<p><strong>Anatomie &#8211; physiologie<\/strong><\/p>\n<div data-breakout=\"normal\">\n<p id=\"viewer-emhjs\" class=\"yfzvm xxd3N QdEyA IQCYp\" dir=\"auto\"><span class=\"KsyMf QdEyA\"><span>Le psoas est un faisceau de l\u2019ilio-psoas. De chaque c\u00f4t\u00e9 du corps, l\u2019ilio-psoas comprend deux faisceaux : l\u2019iliaque et le psoas.<\/span><\/span>L\u2019iliaque s\u2019attache \u00e0 la face interne de l\u2019aile iliaque, se prolonge sur l\u2019aile du sacrum et se termine sur le petit trochanter (f\u00e9mur)<\/p>\n<p class=\"yfzvm xxd3N QdEyA IQCYp\" dir=\"auto\"><strong>Le psoas joue plusieurs r\u00f4les :<\/strong><\/p>\n<\/div>\n<div data-breakout=\"normal\">\n<ul class=\"ESDet Jw0Gq\">\n<li class=\"sEavH\" dir=\"auto\" aria-level=\"1\">\n<p id=\"viewer-4698a\" class=\"yfzvm xxd3N QdEyA IQCYp\" dir=\"\"><span class=\"KsyMf QdEyA\"><span>Il est fl\u00e9chisseur de la cuisse sur le bassin et vice-versa, <\/span><\/span><\/p>\n<\/li>\n<li class=\"sEavH\" dir=\"auto\" aria-level=\"1\">\n<p id=\"viewer-dh7fd\" class=\"yfzvm xxd3N QdEyA IQCYp\" dir=\"\"><span class=\"KsyMf QdEyA\"><span>Il joue un r\u00f4le majeur sur le placement du bassin en relation avec d\u2019autres muscles,<\/span><\/span><\/p>\n<\/li>\n<li class=\"sEavH\" dir=\"auto\" aria-level=\"1\">\n<p id=\"viewer-bvdmo\" class=\"yfzvm xxd3N QdEyA IQCYp\" dir=\"\"><span class=\"KsyMf QdEyA\"><span>Il est un rotateur externe. Contract\u00e9 unilat\u00e9ralement, il agit sur la flexion lat\u00e9rale des lombaires.<\/span><\/span><\/p>\n<\/li>\n<\/ul>\n<\/div>\n<div data-breakout=\"normal\">\n<p id=\"viewer-pog1\" class=\"yfzvm xxd3N QdEyA IQCYp\" dir=\"auto\"><span class=\"KsyMf QdEyA\"><span>On a longtemps consid\u00e9r\u00e9 le r\u00f4le du psoas comme locomoteur. Cependant, il agirait plut\u00f4t comme une paire de tendeurs orientant la colonne vert\u00e9brale, influen\u00e7ant du m\u00eame coup le c\u0153ur, les poumons et la respiration.<\/span><\/span><\/p>\n<\/div>\n<div data-breakout=\"normal\">\n<p id=\"viewer-4cll5\" class=\"yfzvm xxd3N QdEyA IQCYp\" dir=\"auto\"><span class=\"KsyMf QdEyA\"><span>Il est particuli\u00e8rement sensible \u00e0 l\u2019activit\u00e9 du syst\u00e8me nerveux sympathique. En effet, celui-ci s\u2019\u00e9tend le long de la colonne vert\u00e9brale jusque dans les vert\u00e8bres lombaires, site d\u2019implantation du psoas\u2026 Il existerait donc un lien important entre les r\u00e9actions \u00e0 des \u00e9v\u00e8nements stressants et ce muscle. C\u2019est d\u2019ailleurs lui qui nous fait nous recroqueviller en boule quand on a peur ou qui nos pr\u00e9pare \u00e0 fuir en agissant sur la locomotion.<\/span><\/span><\/p>\n<div data-breakout=\"normal\">\n<p id=\"viewer-ftjnt\" class=\"yfzvm xxd3N QdEyA IQCYp\" dir=\"auto\"><span class=\"KsyMf QdEyA\"><strong><span>Pathologies associ\u00e9es<\/span><\/strong><\/span><\/p>\n<\/div>\n<div data-breakout=\"normal\">\n<p id=\"viewer-2v0ua\" class=\"yfzvm xxd3N QdEyA IQCYp\" dir=\"auto\"><span class=\"KsyMf QdEyA\"><span>Lorsqu\u2019il est trop tendu, le psoas peut \u00eatre \u00e0 l\u2019origine de nombreux troubles comme :<\/span><\/span><\/p>\n<\/div>\n<div data-breakout=\"normal\">\n<ul class=\"ESDet Jw0Gq\">\n<li class=\"sEavH\" dir=\"auto\" aria-level=\"1\">\n<p id=\"viewer-59pff\" class=\"yfzvm xxd3N QdEyA IQCYp\" dir=\"\"><span class=\"KsyMf QdEyA\"><span>Des douleurs au bas de dos, aux hanches, aux genoux et aux joints sacro-iliaques,<\/span><\/span><\/p>\n<\/li>\n<li class=\"sEavH\" dir=\"auto\" aria-level=\"1\">\n<p id=\"viewer-59pff\" class=\"yfzvm xxd3N QdEyA IQCYp\" dir=\"\"><span class=\"KsyMf QdEyA\"><span><\/span><\/span><span class=\"KsyMf QdEyA\"><span>Une in\u00e9galit\u00e9 dans la longueur des jambes,<\/span><\/span><\/p>\n<\/li>\n<li class=\"sEavH\" dir=\"auto\" aria-level=\"1\">\n<p id=\"viewer-3sv0\" class=\"yfzvm xxd3N QdEyA IQCYp\" dir=\"\"><span class=\"KsyMf QdEyA\"><span>Des dysm\u00e9norrh\u00e9es,<\/span><\/span><\/p>\n<\/li>\n<li class=\"sEavH\" dir=\"auto\" aria-level=\"1\">\n<p id=\"viewer-76vb1\" class=\"yfzvm xxd3N QdEyA IQCYp\" dir=\"\"><span class=\"KsyMf QdEyA\"><span>Des troubles digestifs,<\/span><\/span><\/p>\n<\/li>\n<li class=\"sEavH\" dir=\"auto\" aria-level=\"1\">\n<p id=\"viewer-168qd\" class=\"yfzvm xxd3N QdEyA IQCYp\" dir=\"\"><span class=\"KsyMf QdEyA\"><span>Une instabilit\u00e9 \u00e9motionnelle,<\/span><\/span><\/p>\n<\/li>\n<li class=\"sEavH\" dir=\"auto\" aria-level=\"1\">\n<p id=\"viewer-17kka\" class=\"yfzvm xxd3N QdEyA IQCYp\" dir=\"\"><span class=\"KsyMf QdEyA\"><span>Une d\u00e9formation de la colonne vert\u00e9brale de type hyperlordose en cas d\u2019une forte tension sym\u00e9trique<\/span><\/span><\/p>\n<\/li>\n<\/ul>\n<\/div>\n<div data-breakout=\"normal\">\n<p id=\"viewer-cski1\" class=\"yfzvm xxd3N QdEyA IQCYp\" dir=\"auto\"><span class=\"KsyMf QdEyA\"><span>Des exp\u00e9riences traumatiques physiques ou psychiques, des postures inappropri\u00e9es ou trop statiques, la r\u00e9p\u00e9tition de mouvements ou le stress sont des facteurs qui peuvent mener \u00e0 un psoas trop tendu. Si le psoas est trop contract\u00e9, il est essentiel le rel\u00e2cher avant de l\u2019\u00e9tirer. D\u2019o\u00f9 l\u2019int\u00e9r\u00eat de travailler la zone r\u00e9flexe de ce muscle en compl\u00e9mentarit\u00e9 et en amont d\u2019un travail d\u2019\u00e9tirement musculaire en kin\u00e9sith\u00e9rapie par exemple.<\/span><\/span><\/p>\n<\/div>\n<div data-breakout=\"normal\">\n<p id=\"viewer-cd8ie\" class=\"yfzvm xxd3N QdEyA IQCYp\" dir=\"auto\"><span class=\"KsyMf QdEyA\"><strong><span>Le \u00ab muscle de l\u2019\u00e2me \u00bb<\/span><\/strong><\/span><\/p>\n<\/div>\n<div data-breakout=\"normal\">\n<p id=\"viewer-b6lf9\" class=\"yfzvm xxd3N QdEyA IQCYp\" dir=\"auto\"><span class=\"KsyMf QdEyA\"><span>Surnomm\u00e9 le muscle de l\u2019\u00e2me, le psoas est le reflet de notre \u00e9tat d\u2019esprit de par sa relation particuli\u00e8re avec le syst\u00e8me squelettique, le diaphragme, les organes et le syst\u00e8me nerveux. Aussi, plus une personne se sent stress\u00e9e, plus son psoas sera tendu. \u00c0 l\u2019inverse, plus un psoas est souple, plus elle sera sereine. On le consid\u00e8re ainsi comme le muscle lib\u00e9rateur des \u00e9motions<\/span><\/span><\/p>\n<\/div>\n<div data-hook=\"rcv-block24\"><\/div>\n<div data-breakout=\"normal\">\n<p class=\"yfzvm xxd3N Jw0Gq IQCYp\" dir=\"auto\"><span class=\"KsyMf\"><strong><span>Le psoas, parce qu&rsquo;il est intimement reli\u00e9 \u00e0 nos r\u00e9actions face \u00e0 des \u00e9v\u00e9nements stressants \u00e0 l&rsquo;instar du <\/span><\/strong><a class=\"_5aTAl -WazC\" href=\"https:\/\/www.mareflexologie.fr\/post\/le-plexus-solaire-un-r%C3%A9seau-nerveux-mais-pas-que\" target=\"_blank\" rel=\"noopener noreferrer\" data-hook=\"WebLink\"><strong><span><u>plexus solaire<\/u><\/span><\/strong><\/a><strong><span>, est donc un muscle central, tant sur le plan physiologique qu&rsquo;\u00e9motionnel, ce qui en fait un \u00e9l\u00e9ment cl\u00e9 dans certaines approches th\u00e9rapeutiques du corps, dont la r\u00e9flexologie. L&rsquo;\u00e9tirer par une activit\u00e9 physique r\u00e9guli\u00e8re comme le yoga, respirer en conscience, manger sainement, limiter les situations de stress intense, sont des actions qui permettent de maintenir ce muscle en bonne sant\u00e9. Mieux vaut pr\u00e9venir que gu\u00e9rir !<\/span><\/strong><\/span><\/p>\n<p align=\"center\"><strong><span><span style=\"color: #665333;\"><span style=\"font-family: Source Serif Pro Light, serif;\"><span style=\"font-size: xx-large;\">Les informations transmises sur ce site,<br \/>\nne remplace\u00a0d&rsquo;aucune mani\u00e8re\u00a0les prescriptions donn\u00e9es par\u00a0<\/span><\/span><\/span><\/span><\/strong><strong><span><span style=\"color: #665333;\"><span style=\"font-family: Source Serif Pro Light, serif;\"><span style=\"font-size: xx-large;\">un<\/span><\/span><\/span><\/span><\/strong><strong><span><span style=\"color: #665333;\"><span style=\"font-family: Source Serif Pro Light, serif;\"><span style=\"font-size: xx-large;\">\u00a0m\u00e9decin\u00a0ou <\/span><\/span><\/span><\/span><\/strong><strong><span><span style=\"color: #665333;\"><span style=\"font-family: Source Serif Pro Light, serif;\"><span style=\"font-size: xx-large;\">un<\/span><\/span><\/span><\/span><\/strong><strong><span><span style=\"color: #665333;\"><span style=\"font-family: Source Serif Pro Light, serif;\"><span style=\"font-size: xx-large;\">\u00a0professionnel de la sant\u00e9.<\/span><\/span><\/span><\/span><\/strong><span> <\/span><\/p>\n<\/div>\n<p align=\"center\">\n<\/div>\n","protected":false},"excerpt":{"rendered":"<p>Zone rouge zone r\u00e9flexe du psoas Je vous explique un muscle que je travail beaucoup en zone r\u00e9flexe en r\u00e9flexologie \u00ab\u00a0Le PSOAS\u00a0\u00bb pourquoi ? le psoas est nomm\u00e9 le \u00ab muscle poubelle \u00bb parce qu\u2019il a tendance \u00e0 r\u00e9cup\u00e9rer les toxines issues des syst\u00e8mes digestif et urinaire, le psoas est pourtant bien plus que \u00e7a&#8230;.<\/p>\n","protected":false},"author":2,"featured_media":4079,"comment_status":"open","ping_status":"open","sticky":false,"template":"","format":"standard","meta":{"footnotes":""},"categories":[1],"tags":[],"class_list":["post-4078","post","type-post","status-publish","format-standard","has-post-thumbnail","hentry","category-uncategorized"],"_links":{"self":[{"href":"https:\/\/reflexologue81.fr\/index.php?rest_route=\/wp\/v2\/posts\/4078","targetHints":{"allow":["GET"]}}],"collection":[{"href":"https:\/\/reflexologue81.fr\/index.php?rest_route=\/wp\/v2\/posts"}],"about":[{"href":"https:\/\/reflexologue81.fr\/index.php?rest_route=\/wp\/v2\/types\/post"}],"author":[{"embeddable":true,"href":"https:\/\/reflexologue81.fr\/index.php?rest_route=\/wp\/v2\/users\/2"}],"replies":[{"embeddable":true,"href":"https:\/\/reflexologue81.fr\/index.php?rest_route=%2Fwp%2Fv2%2Fcomments&post=4078"}],"version-history":[{"count":5,"href":"https:\/\/reflexologue81.fr\/index.php?rest_route=\/wp\/v2\/posts\/4078\/revisions"}],"predecessor-version":[{"id":4088,"href":"https:\/\/reflexologue81.fr\/index.php?rest_route=\/wp\/v2\/posts\/4078\/revisions\/4088"}],"wp:featuredmedia":[{"embeddable":true,"href":"https:\/\/reflexologue81.fr\/index.php?rest_route=\/wp\/v2\/media\/4079"}],"wp:attachment":[{"href":"https:\/\/reflexologue81.fr\/index.php?rest_route=%2Fwp%2Fv2%2Fmedia&parent=4078"}],"wp:term":[{"taxonomy":"category","embeddable":true,"href":"https:\/\/reflexologue81.fr\/index.php?rest_route=%2Fwp%2Fv2%2Fcategories&post=4078"},{"taxonomy":"post_tag","embeddable":true,"href":"https:\/\/reflexologue81.fr\/index.php?rest_route=%2Fwp%2Fv2%2Ftags&post=4078"}],"curies":[{"name":"wp","href":"https:\/\/api.w.org\/{rel}","templated":true}]}}