{"id":4056,"date":"2023-10-12T11:57:01","date_gmt":"2023-10-12T11:57:01","guid":{"rendered":"https:\/\/reflexologue81.fr\/?p=4056"},"modified":"2023-10-12T11:57:01","modified_gmt":"2023-10-12T11:57:01","slug":"formation-reflexologie-et-cancer","status":"publish","type":"post","link":"https:\/\/reflexologue81.fr\/?p=4056","title":{"rendered":"Formation r\u00e9flexologie et cancer"},"content":{"rendered":"<p>Bien sur octobre est signe octobre rose ! Alerter, pr\u00e9venir le cancer du sein !!<\/p>\n<p>Pour cette occasion cette ann\u00e9e ! je serai en formation \u00ab\u00a0R\u00e9flexologie et cancer\u00a0\u00bb (en g\u00e9n\u00e9ral) au centre de formation L&amp;A \u00e0 Caudebronde<\/p>\n<p>le 20\/21\/22 octobre 2023<\/p>\n<p>OBJECTIFS PEDAGOGIQUES :<br \/>\nPrendre en charge avec la r\u00e9flexologie de mani\u00e8re douce et relaxante des personnes atteintes du cancer ainsi que<br \/>\nleur famille.<\/p>\n<p>OBJECTIFS DE LA FORMATION :<\/p>\n<p>&#8211; D\u2019effectuer de nouvelles techniques r\u00e9flexologiques douces pour le confort du malade<br \/>\n&#8211; D\u2019effectuer une prise en charge des douleurs physique et \u00e9motionnelle<br \/>\n&#8211; D\u2019effectuer des mouvements sp\u00e9cifiques sur des zones r\u00e9flexes cibl\u00e9es pour activer des endroits pr\u00e9cis dans le<br \/>\ncorps<\/p>\n<p>Th\u00e9orie<br \/>\nApprendre toutes les connaissances de base sur le cancer et les types de traitements m\u00e9dicaux habituels.<br \/>\nMa\u00eetriser les effets des traitements et les cons\u00e9quences de la maladie aussi bien au niveau physique, qu\u2019\u00e9motionnelle.<br \/>\nRappel g\u00e9n\u00e9ral anatomie et physiologie du corps humain<br \/>\nIndications, contre-indications et mesures de pr\u00e9caution d\u2019accompagnement.<\/p>\n<p>Pratique<br \/>\nD\u00e9couvertes de diff\u00e9rentes techniques de massage r\u00e9flexe plantaire relaxant, drainant, stimulant et d\u00e9stressant<br \/>\nProtocole partiel et protocole complet<br \/>\nD\u00e9couverte de quel massage r\u00e9flexe est le plus pertinent dans la prise en charge physique et \u00e9motionnelle<br \/>\nPour accompagner et soulager au mieux les personnes qui sont atteinte de cette maladie.<\/p>\n","protected":false},"excerpt":{"rendered":"<p>Bien sur octobre est signe octobre rose ! Alerter, pr\u00e9venir le cancer du sein !! Pour cette occasion cette ann\u00e9e ! je serai en formation \u00ab\u00a0R\u00e9flexologie et cancer\u00a0\u00bb (en g\u00e9n\u00e9ral) au centre de formation L&amp;A \u00e0 Caudebronde le 20\/21\/22 octobre 2023 OBJECTIFS PEDAGOGIQUES : Prendre en charge avec la r\u00e9flexologie de mani\u00e8re douce et relaxante&#8230;<\/p>\n","protected":false},"author":2,"featured_media":4057,"comment_status":"open","ping_status":"open","sticky":false,"template":"","format":"standard","meta":{"footnotes":""},"categories":[1],"tags":[],"class_list":["post-4056","post","type-post","status-publish","format-standard","has-post-thumbnail","hentry","category-uncategorized"],"_links":{"self":[{"href":"https:\/\/reflexologue81.fr\/index.php?rest_route=\/wp\/v2\/posts\/4056","targetHints":{"allow":["GET"]}}],"collection":[{"href":"https:\/\/reflexologue81.fr\/index.php?rest_route=\/wp\/v2\/posts"}],"about":[{"href":"https:\/\/reflexologue81.fr\/index.php?rest_route=\/wp\/v2\/types\/post"}],"author":[{"embeddable":true,"href":"https:\/\/reflexologue81.fr\/index.php?rest_route=\/wp\/v2\/users\/2"}],"replies":[{"embeddable":true,"href":"https:\/\/reflexologue81.fr\/index.php?rest_route=%2Fwp%2Fv2%2Fcomments&post=4056"}],"version-history":[{"count":1,"href":"https:\/\/reflexologue81.fr\/index.php?rest_route=\/wp\/v2\/posts\/4056\/revisions"}],"predecessor-version":[{"id":4058,"href":"https:\/\/reflexologue81.fr\/index.php?rest_route=\/wp\/v2\/posts\/4056\/revisions\/4058"}],"wp:featuredmedia":[{"embeddable":true,"href":"https:\/\/reflexologue81.fr\/index.php?rest_route=\/wp\/v2\/media\/4057"}],"wp:attachment":[{"href":"https:\/\/reflexologue81.fr\/index.php?rest_route=%2Fwp%2Fv2%2Fmedia&parent=4056"}],"wp:term":[{"taxonomy":"category","embeddable":true,"href":"https:\/\/reflexologue81.fr\/index.php?rest_route=%2Fwp%2Fv2%2Fcategories&post=4056"},{"taxonomy":"post_tag","embeddable":true,"href":"https:\/\/reflexologue81.fr\/index.php?rest_route=%2Fwp%2Fv2%2Ftags&post=4056"}],"curies":[{"name":"wp","href":"https:\/\/api.w.org\/{rel}","templated":true}]}}