{"id":4051,"date":"2023-10-12T11:41:40","date_gmt":"2023-10-12T11:41:40","guid":{"rendered":"https:\/\/reflexologue81.fr\/?p=4051"},"modified":"2023-10-12T11:45:08","modified_gmt":"2023-10-12T11:45:08","slug":"mieux-vivre-lautomne%f0%9f%8d%82%f0%9f%8d%84-avec-la-reflexologie","status":"publish","type":"post","link":"https:\/\/reflexologue81.fr\/?p=4051","title":{"rendered":"Mieux vivre l\u2019automne\ud83c\udf42\ud83c\udf44 avec la r\u00e9flexologie"},"content":{"rendered":"<section class=\"l-section wpb_row height_medium\"><div class=\"l-section-h i-cf\"><div class=\"g-cols vc_row via_grid cols_1 laptops-cols_inherit tablets-cols_inherit mobiles-cols_1 valign_top type_default stacking_default\"><div class=\"wpb_column vc_column_container\"><div class=\"vc_column-inner\"><div class=\"wpb_text_column\"><div class=\"wpb_wrapper\"><div class=\"x11i5rnm xat24cr x1mh8g0r x1vvkbs xtlvy1s x126k92a\">\n<div dir=\"auto\">Malgr\u00e9 les couleurs chatoyantes des arbres<span class=\"x3nfvp2 x1j61x8r x1fcty0u xdj266r xhhsvwb xat24cr xgzva0m xxymvpz xlup9mm x1kky2od\"><img loading=\"lazy\" decoding=\"async\" src=\"https:\/\/static.xx.fbcdn.net\/images\/emoji.php\/v9\/te2\/1.5\/16\/1f342.png\" alt=\"\ud83c\udf42\" width=\"16\" height=\"16\" \/><\/span><span class=\"x3nfvp2 x1j61x8r x1fcty0u xdj266r xhhsvwb xat24cr xgzva0m xxymvpz xlup9mm x1kky2od\"><img loading=\"lazy\" decoding=\"async\" src=\"https:\/\/static.xx.fbcdn.net\/images\/emoji.php\/v9\/t61\/1.5\/16\/1f341.png\" alt=\"\ud83c\udf41\" width=\"16\" height=\"16\" \/><\/span>, la lumi\u00e8re chaleureuse des d\u00e9buts de soir\u00e9e et la douceur avec laquelle elle vient clore l\u2019\u00e9t\u00e9, l\u2019automne, s\u2019installe,<\/div>\n<\/div>\n<div class=\"x11i5rnm xat24cr x1mh8g0r x1vvkbs xtlvy1s x126k92a\">\n<div dir=\"auto\">A chaque changement de saison nous sommes soumis corps et esprit \u00e0 des changements.<\/div>\n<\/div>\n<div class=\"x11i5rnm xat24cr x1mh8g0r x1vvkbs xtlvy1s x126k92a\">\n<div dir=\"auto\">Cette p\u00e9riode vient avec repli sur soi, un ralentissement qui permet de nous pr\u00e9parer \u00e0 l\u2019hiver. Elle s\u2019accompagne souvent d\u2019une perte de vitalit\u00e9. Ce changement de saison affecte \u00e9galement l\u2019esprit et peut provoquer inqui\u00e9tude, nostalgie et perte d\u2019enthousiasme. Et c\u2019est tout-\u00e0-fait naturel<\/div>\n<div dir=\"auto\">\u00a0<\/div>\n<\/div>\n<div class=\"x11i5rnm xat24cr x1mh8g0r x1vvkbs xtlvy1s x126k92a\">\n<div dir=\"auto\">En Automne, la r\u00e9flexologie s\u2019attache entre autres \u00e0 stimuler les zones r\u00e9flexes suivantes :<\/div>\n<\/div>\n<div class=\"x11i5rnm xat24cr x1mh8g0r x1vvkbs xtlvy1s x126k92a\">\n<div dir=\"auto\">\u2022 Gros intestin (c\u00f4lon)<\/div>\n<div dir=\"auto\">\u2022 Poumons<\/div>\n<div dir=\"auto\">\u2022 Syst\u00e8me immunitaire (Rate, thymus, lymphe \u2026)<\/div>\n<div dir=\"auto\">\u2022 Diaphragme (\u00e9quilibre des syst\u00e8mes respiratoires et digestives)<\/div>\n<div dir=\"auto\">\u2022 La sph\u00e8re ORL (Nez, sinus, gorge, poumons, bronches, etc)<\/div>\n<div dir=\"auto\">\u00a0<\/div>\n<\/div>\n<div class=\"x11i5rnm xat24cr x1mh8g0r x1vvkbs xtlvy1s x126k92a\">\n<div dir=\"auto\">La r\u00e9flexologie pour Nettoyer, dynamiser et pr\u00e9parer le corps<\/div>\n<\/div>\n<div class=\"x11i5rnm xat24cr x1mh8g0r x1vvkbs xtlvy1s x126k92a\">\n<div dir=\"auto\">Les soins de r\u00e9flexologie permettront de renforcer l\u2019\u00e9nergie du poumon en portant une attention particuli\u00e8re \u00e0 celui-ci, de nettoyer l\u2019organisme et de pr\u00e9parer le corps \u00e0 affronter les 1eres vagues de froid en stimulant les syst\u00e8mes immunitaire et respiratoire. Ces s\u00e9ances vous aideront \u00e0 lutter contre le sentiment de m\u00e9lancolie, de tristesse li\u00e9 \u00e0 cette saison et \u00e0 conserver au mieux votre \u00e9nergie.<\/div>\n<div dir=\"auto\">\u00a0<\/div>\n<\/div>\n<div class=\"x11i5rnm xat24cr x1mh8g0r x1vvkbs xtlvy1s x126k92a\">\n<div dir=\"auto\">Les soins de r\u00e9flexologie permettront de renforcer l\u2019\u00e9nergie des intestins pour leur bon fonctionnement am\u00e9liorera la flore intestinale mais aussi permettra aux min\u00e9raux et vitamines d\u2019\u00eatre mieux absorber pour nourrir votre corps.<\/div>\n<div dir=\"auto\">\u00a0<\/div>\n<div dir=\"auto\">Vivre au rythme de l\u2019automne c\u2019est aussi privil\u00e9gier de bonnes nuits de sommeil, opter pour des v\u00eatements chauds, se promener en pleine nature pour travailler son souffle et oxyg\u00e9ner son corps en douceur, bien s\u2019hydrater, faire le plein de vitamines et surtout laisser le temps au corps de s\u2019adapter !<\/div>\n<div dir=\"auto\">\u00a0<\/div>\n<\/div>\n<div class=\"x11i5rnm xat24cr x1mh8g0r x1vvkbs xtlvy1s x126k92a\">\n<div dir=\"auto\">Le moral, le physique et le psychisme sont intimement li\u00e9s. La r\u00e9flexologie traite le corps dans sa globalit\u00e9. Elle permet, \u00e0 la fois, de traiter les probl\u00e8mes pr\u00e9sents mais aussi de faire de la pr\u00e9vention.<\/div>\n<div dir=\"auto\">S\u2019\u00e9couter, prendre du temps pour soi, pour reposer son corps, pour le r\u00e9parer\u2026 afin de vivre cette saison au mieux et de se booster avant l\u2019hiver et le froid.<\/div>\n<\/div>\n<div dir=\"auto\">\u00a0<\/div>\n<div dir=\"auto\">\u00a0<\/div>\n<div class=\"x11i5rnm xat24cr x1mh8g0r x1vvkbs xtlvy1s x126k92a\">\n<div dir=\"auto\">Important, la r\u00e9flexologie est un excellent compl\u00e9ment de bien \u00eatre,<\/div>\n<div dir=\"auto\">la r\u00e9flexologie ne substitue en aucun cas une consultation ou avis m\u00e9dical, lui seul habilit\u00e9 \u00e0 \u00e9tablir un diagnostic, donner ou \u00e0 changer votre prescription m\u00e9dicale.<\/div>\n<\/div>\n<div dir=\"auto\">\u00a0<\/div>\n<div dir=\"auto\">\u00a0<\/div>\n<div class=\"x11i5rnm xat24cr x1mh8g0r x1vvkbs xtlvy1s x126k92a\">\n<div dir=\"auto\">Pour des renseignements ou prise de rendez-vous<\/div>\n<div dir=\"auto\">06.04.14.30.09.<\/div>\n<\/div>\n<\/div><\/div><\/div><\/div><\/div><\/div><\/section>\n","protected":false},"excerpt":{"rendered":"Malgr\u00e9 les couleurs chatoyantes des arbres, la lumi\u00e8re chaleureuse des d\u00e9buts de soir\u00e9e et la douceur avec laquelle elle vient clore l\u2019\u00e9t\u00e9, l\u2019automne, s\u2019installe, A chaque changement de saison nous sommes soumis corps et esprit \u00e0 des changements. Cette p\u00e9riode vient avec repli sur soi, un ralentissement qui permet de nous pr\u00e9parer \u00e0 l\u2019hiver. Elle...","protected":false},"author":2,"featured_media":4052,"comment_status":"open","ping_status":"open","sticky":false,"template":"","format":"standard","meta":{"footnotes":""},"categories":[1],"tags":[],"class_list":["post-4051","post","type-post","status-publish","format-standard","has-post-thumbnail","hentry","category-uncategorized"],"_links":{"self":[{"href":"https:\/\/reflexologue81.fr\/index.php?rest_route=\/wp\/v2\/posts\/4051","targetHints":{"allow":["GET"]}}],"collection":[{"href":"https:\/\/reflexologue81.fr\/index.php?rest_route=\/wp\/v2\/posts"}],"about":[{"href":"https:\/\/reflexologue81.fr\/index.php?rest_route=\/wp\/v2\/types\/post"}],"author":[{"embeddable":true,"href":"https:\/\/reflexologue81.fr\/index.php?rest_route=\/wp\/v2\/users\/2"}],"replies":[{"embeddable":true,"href":"https:\/\/reflexologue81.fr\/index.php?rest_route=%2Fwp%2Fv2%2Fcomments&post=4051"}],"version-history":[{"count":3,"href":"https:\/\/reflexologue81.fr\/index.php?rest_route=\/wp\/v2\/posts\/4051\/revisions"}],"predecessor-version":[{"id":4055,"href":"https:\/\/reflexologue81.fr\/index.php?rest_route=\/wp\/v2\/posts\/4051\/revisions\/4055"}],"wp:featuredmedia":[{"embeddable":true,"href":"https:\/\/reflexologue81.fr\/index.php?rest_route=\/wp\/v2\/media\/4052"}],"wp:attachment":[{"href":"https:\/\/reflexologue81.fr\/index.php?rest_route=%2Fwp%2Fv2%2Fmedia&parent=4051"}],"wp:term":[{"taxonomy":"category","embeddable":true,"href":"https:\/\/reflexologue81.fr\/index.php?rest_route=%2Fwp%2Fv2%2Fcategories&post=4051"},{"taxonomy":"post_tag","embeddable":true,"href":"https:\/\/reflexologue81.fr\/index.php?rest_route=%2Fwp%2Fv2%2Ftags&post=4051"}],"curies":[{"name":"wp","href":"https:\/\/api.w.org\/{rel}","templated":true}]}}