{"id":4035,"date":"2023-04-07T08:03:47","date_gmt":"2023-04-07T08:03:47","guid":{"rendered":"https:\/\/reflexologue81.fr\/?p=4035"},"modified":"2023-04-07T08:06:04","modified_gmt":"2023-04-07T08:06:04","slug":"4035","status":"publish","type":"post","link":"https:\/\/reflexologue81.fr\/?p=4035","title":{"rendered":"Le printemps et la R\u00e9flexologie !"},"content":{"rendered":"<div class=\"x11i5rnm xat24cr x1mh8g0r x1vvkbs xdj266r x126k92a\">\n<div dir=\"auto\">C\u2019est le Printemps !!!<\/div>\n<div dir=\"auto\"><\/div>\n<\/div>\n<div class=\"x11i5rnm xat24cr x1mh8g0r x1vvkbs xtlvy1s x126k92a\">\n<div dir=\"auto\">Pourquoi faire une ou (des) s\u00e9ance(s) de r\u00e9flexologie ?<\/div>\n<div dir=\"auto\"><\/div>\n<\/div>\n<div class=\"x11i5rnm xat24cr x1mh8g0r x1vvkbs xtlvy1s x126k92a\">\n<div dir=\"auto\">Chaque changement de saison implique, pour notre organisme, une adaptation sp\u00e9cifique.<\/div>\n<\/div>\n<div class=\"x11i5rnm xat24cr x1mh8g0r x1vvkbs xtlvy1s x126k92a\">\n<div dir=\"auto\">Le Printemps et signe de renouveau, les id\u00e9es, les projets, on dit faire le \u00ab grand m\u00e9nage de Printemps \u00bb c\u2019est faire le tri, nettoyer en profondeur\u2026Autant dans la vie que dans notre corps.<\/div>\n<\/div>\n<div class=\"x11i5rnm xat24cr x1mh8g0r x1vvkbs xtlvy1s x126k92a\">\n<div dir=\"auto\">Apr\u00e8s la douce l\u00e9thargie de l\u2019hiver et ses aliments plus gras, sucr\u00e9s et sal\u00e9s, de la d\u00e9pression &#8230;<\/div>\n<\/div>\n<div class=\"x11i5rnm xat24cr x1mh8g0r x1vvkbs xtlvy1s x126k92a\">\n<div dir=\"auto\">Il va falloir r\u00e9veiller notre corps en douceur, le redynamiser, le d\u00e9toxifier.<\/div>\n<div dir=\"auto\"><\/div>\n<\/div>\n<div class=\"x11i5rnm xat24cr x1mh8g0r x1vvkbs xtlvy1s x126k92a\">\n<div dir=\"auto\">Recevoir une s\u00e9ance de r\u00e9flexologie plantaire, palmaire ou combin\u00e9e avec du faciale, au printemps est une mani\u00e8re de proc\u00e9der \u00e0 une d\u00e9tox profonde.<\/div>\n<\/div>\n<div class=\"x11i5rnm xat24cr x1mh8g0r x1vvkbs xtlvy1s x126k92a\">\n<div dir=\"auto\">Au printemps, une attention particuli\u00e8re sera port\u00e9e notamment aux zones r\u00e9flexes suivantes :<\/div>\n<div dir=\"auto\"><\/div>\n<\/div>\n<div class=\"x11i5rnm xat24cr x1mh8g0r x1vvkbs xtlvy1s x126k92a\">\n<div dir=\"auto\">\u2022 Les \u00e9monctoires (organes servant \u00e0 l\u2019\u00e9limination des d\u00e9chets) comme le foie et la v\u00e9sicule biliaire&#8230;<\/div>\n<div dir=\"auto\">\u2022 les muscles et les tendons<\/div>\n<div dir=\"auto\">\u2022 Les articulations<\/div>\n<div dir=\"auto\">\u2022 Les yeux, La vue (rhume des foins qui arrive)<\/div>\n<\/div>\n<div class=\"x11i5rnm xat24cr x1mh8g0r x1vvkbs xtlvy1s x126k92a\">\n<div dir=\"auto\">Afin de les nettoyer et de les r\u00e9\u00e9quilibrer.<\/div>\n<div dir=\"auto\"><\/div>\n<\/div>\n<div class=\"x11i5rnm xat24cr x1mh8g0r x1vvkbs xtlvy1s x126k92a\">\n<div dir=\"auto\">En pr\u00e9vention ou en compl\u00e9ment de l\u2019accompagnement d\u2019un trouble fonctionnel, ces s\u00e9ances de printemps sont en g\u00e9n\u00e9ral propos\u00e9es entre les mois de mars et mai de chaque ann\u00e9e (cycle des saisons occidentalis\u00e9)une s\u00e9ance par mois est id\u00e9ale.<\/div>\n<\/div>\n<div class=\"x11i5rnm xat24cr x1mh8g0r x1vvkbs xtlvy1s x126k92a\">\n<div dir=\"auto\">Mais qui dit printemps dit allergies au pollen je vous en parle sur le prochain article<\/div>\n<\/div>\n<div class=\"x11i5rnm xat24cr x1mh8g0r x1vvkbs xtlvy1s x126k92a\">\n<div dir=\"auto\">Avec ce r\u00e9veil du corps, vous pourrez aborder le printemps plein d\u2019entrain et en meilleur forme, que ce soit physiquement et mentalement.<\/div>\n<div dir=\"auto\">Votre corps vous dira merci !<\/div>\n<\/div>\n","protected":false},"excerpt":{"rendered":"<p>C\u2019est le Printemps !!! Pourquoi faire une ou (des) s\u00e9ance(s) de r\u00e9flexologie ? Chaque changement de saison implique, pour notre organisme, une adaptation sp\u00e9cifique. Le Printemps et signe de renouveau, les id\u00e9es, les projets, on dit faire le \u00ab grand m\u00e9nage de Printemps \u00bb c\u2019est faire le tri, nettoyer en profondeur\u2026Autant dans la vie que&#8230;<\/p>\n","protected":false},"author":2,"featured_media":4036,"comment_status":"open","ping_status":"open","sticky":false,"template":"","format":"standard","meta":{"footnotes":""},"categories":[1],"tags":[],"class_list":["post-4035","post","type-post","status-publish","format-standard","has-post-thumbnail","hentry","category-uncategorized"],"_links":{"self":[{"href":"https:\/\/reflexologue81.fr\/index.php?rest_route=\/wp\/v2\/posts\/4035","targetHints":{"allow":["GET"]}}],"collection":[{"href":"https:\/\/reflexologue81.fr\/index.php?rest_route=\/wp\/v2\/posts"}],"about":[{"href":"https:\/\/reflexologue81.fr\/index.php?rest_route=\/wp\/v2\/types\/post"}],"author":[{"embeddable":true,"href":"https:\/\/reflexologue81.fr\/index.php?rest_route=\/wp\/v2\/users\/2"}],"replies":[{"embeddable":true,"href":"https:\/\/reflexologue81.fr\/index.php?rest_route=%2Fwp%2Fv2%2Fcomments&post=4035"}],"version-history":[{"count":2,"href":"https:\/\/reflexologue81.fr\/index.php?rest_route=\/wp\/v2\/posts\/4035\/revisions"}],"predecessor-version":[{"id":4038,"href":"https:\/\/reflexologue81.fr\/index.php?rest_route=\/wp\/v2\/posts\/4035\/revisions\/4038"}],"wp:featuredmedia":[{"embeddable":true,"href":"https:\/\/reflexologue81.fr\/index.php?rest_route=\/wp\/v2\/media\/4036"}],"wp:attachment":[{"href":"https:\/\/reflexologue81.fr\/index.php?rest_route=%2Fwp%2Fv2%2Fmedia&parent=4035"}],"wp:term":[{"taxonomy":"category","embeddable":true,"href":"https:\/\/reflexologue81.fr\/index.php?rest_route=%2Fwp%2Fv2%2Fcategories&post=4035"},{"taxonomy":"post_tag","embeddable":true,"href":"https:\/\/reflexologue81.fr\/index.php?rest_route=%2Fwp%2Fv2%2Ftags&post=4035"}],"curies":[{"name":"wp","href":"https:\/\/api.w.org\/{rel}","templated":true}]}}